{"id":38286,"date":"2025-06-19T11:45:28","date_gmt":"2025-06-19T11:45:28","guid":{"rendered":"https:\/\/www.ideajenerator.com\/matelec-2024\/"},"modified":"2025-10-03T10:53:34","modified_gmt":"2025-10-03T10:53:34","slug":"matelec-2024","status":"publish","type":"post","link":"https:\/\/www.ideajenerator.com\/fr\/matelec-2024\/","title":{"rendered":"MATELEC 2024"},"content":{"rendered":"\t\t<div data-elementor-type=\"wp-post\" data-elementor-id=\"38286\" class=\"elementor elementor-38286 elementor-29139\">\n\t\t\t\t<div class=\"wd-negative-gap elementor-element elementor-element-b531ea5 e-flex e-con-boxed e-con e-parent\" data-id=\"b531ea5\" data-element_type=\"container\">\n\t\t\t\t\t<div class=\"e-con-inner\">\n\t\t\t\t<div class=\"elementor-element elementor-element-bb484a9 color-scheme-inherit text-left elementor-widget elementor-widget-text-editor\" data-id=\"bb484a9\" data-element_type=\"widget\" data-widget_type=\"text-editor.default\">\n\t\t\t\t<div class=\"elementor-widget-container\">\n\t\t\t\t\t\t\t\t\t<p>Notre stand au salon Matelec 2024, qui s&rsquo;est tenu \u00e0 Madrid du 5 au 8 novembre 2024, a suscit\u00e9 un vif int\u00e9r\u00eat aupr\u00e8s des repr\u00e9sentants du secteur. Exposants depuis de nombreuses ann\u00e9es, nous avons pr\u00e9sent\u00e9 cette ann\u00e9e nos solutions et produits \u00e9nerg\u00e9tiques aux professionnels, ce qui a permis \u00e0 cet \u00e9v\u00e9nement de se d\u00e9rouler \u00e0 la fois agr\u00e9able et productif. Nous remercions chaleureusement tous les visiteurs qui ont visit\u00e9 notre stand.  <\/p>\t\t\t\t\t\t\t\t<\/div>\n\t\t\t\t<\/div>\n\t\t\t\t\t<\/div>\n\t\t\t\t<\/div>\n\t\t\t\t<\/div>\n\t\t","protected":false},"excerpt":{"rendered":"<p>Notre stand au salon Matelec 2024, qui s&rsquo;est tenu \u00e0 Madrid du 5 au 8 novembre 2024, a suscit\u00e9 un<\/p>\n","protected":false},"author":1,"featured_media":38287,"comment_status":"closed","ping_status":"closed","sticky":false,"template":"","format":"standard","meta":{"footnotes":""},"categories":[247],"tags":[],"class_list":["post-38286","post","type-post","status-publish","format-standard","has-post-thumbnail","hentry","category-actualites"],"_links":{"self":[{"href":"https:\/\/www.ideajenerator.com\/fr\/wp-json\/wp\/v2\/posts\/38286","targetHints":{"allow":["GET"]}}],"collection":[{"href":"https:\/\/www.ideajenerator.com\/fr\/wp-json\/wp\/v2\/posts"}],"about":[{"href":"https:\/\/www.ideajenerator.com\/fr\/wp-json\/wp\/v2\/types\/post"}],"author":[{"embeddable":true,"href":"https:\/\/www.ideajenerator.com\/fr\/wp-json\/wp\/v2\/users\/1"}],"replies":[{"embeddable":true,"href":"https:\/\/www.ideajenerator.com\/fr\/wp-json\/wp\/v2\/comments?post=38286"}],"version-history":[{"count":1,"href":"https:\/\/www.ideajenerator.com\/fr\/wp-json\/wp\/v2\/posts\/38286\/revisions"}],"predecessor-version":[{"id":38288,"href":"https:\/\/www.ideajenerator.com\/fr\/wp-json\/wp\/v2\/posts\/38286\/revisions\/38288"}],"wp:featuredmedia":[{"embeddable":true,"href":"https:\/\/www.ideajenerator.com\/fr\/wp-json\/wp\/v2\/media\/38287"}],"wp:attachment":[{"href":"https:\/\/www.ideajenerator.com\/fr\/wp-json\/wp\/v2\/media?parent=38286"}],"wp:term":[{"taxonomy":"category","embeddable":true,"href":"https:\/\/www.ideajenerator.com\/fr\/wp-json\/wp\/v2\/categories?post=38286"},{"taxonomy":"post_tag","embeddable":true,"href":"https:\/\/www.ideajenerator.com\/fr\/wp-json\/wp\/v2\/tags?post=38286"}],"curies":[{"name":"wp","href":"https:\/\/api.w.org\/{rel}","templated":true}]}}